{"id":1082,"date":"2007-12-15T21:22:28","date_gmt":"2007-12-15T20:22:28","guid":{"rendered":"https:\/\/connis-kleine-welt.de\/wp\/?p=1082"},"modified":"2007-12-15T22:13:33","modified_gmt":"2007-12-15T21:13:33","slug":"nagelpilz","status":"publish","type":"post","link":"https:\/\/connis-kleine-welt.de\/wp\/?p=1082","title":{"rendered":"Nagelpilz"},"content":{"rendered":"<p>Gestern hatten wir den letzten Vortrag aus der Reihe vom BVpta. Diesmal ging es um Nagelpilz, wieder gab es ein Script. Passend zum Thema waren nat\u00fcrlich Bilder drin &#8211; kein sch\u00f6ner Anblick! Einige der Patienten m\u00fcssen schon jahrelang mit dem Pilz gelebt haben. <\/p>\n<p>Leider ist dieses Thema noch ein Tabuthema. Keiner will so richtig dr\u00fcber sprechen. Dies ist allerdings sehr wichtig, weil der Pilz ja von allein nicht wieder weg geht. Weiterhin ist das nun auch (wie im Vortrag mehrfach betont) kein rein kosmetisches Problem. Es sieht nicht nur einfach unsch\u00f6n aus, es ist auch noch hochansteckend. Die Pilze bilden auch hier Sporen aus, die jeden, der mit ihnen in Kontakt kommt, anstecken. Es ist also sehr wichtig, etwas dagegen zu unternehmen und den befallenen Nagel nicht nur zu verstecken. Betroffen sind vor allem \u00e4ltere Menschen. Auch aus einem Fu\u00dfpilz kann sich ein Nagelpilz entwickeln.<\/p>\n<p>Zum Gl\u00fcck gab es diesmal keine Geschenke &#8211; vielleicht w\u00e4re es ein Fliegenpilz geworden. \ud83d\ude09<\/p>\n<p>Aber eklig war&#8217;s schon an manchen Stellen \ud83d\ude00<\/p>\n","protected":false},"excerpt":{"rendered":"<p>Gestern hatten wir den letzten Vortrag aus der Reihe vom BVpta. Diesmal ging es um Nagelpilz, wieder gab es ein Script. Passend zum Thema waren nat\u00fcrlich Bilder drin &#8211; kein sch\u00f6ner Anblick! Einige der Patienten m\u00fcssen schon jahrelang mit dem Pilz gelebt haben. Leider ist dieses Thema noch ein Tabuthema. Keiner will so richtig dr\u00fcber &hellip; <a href=\"https:\/\/connis-kleine-welt.de\/wp\/?p=1082\" class=\"more-link\"><span class=\"screen-reader-text\">Nagelpilz<\/span> weiterlesen <span class=\"meta-nav\">&rarr;<\/span><\/a><\/p>\n","protected":false},"author":1,"featured_media":0,"comment_status":"open","ping_status":"closed","sticky":false,"template":"","format":"standard","meta":{"ngg_post_thumbnail":0,"footnotes":""},"categories":[1],"tags":[17],"_links":{"self":[{"href":"https:\/\/connis-kleine-welt.de\/wp\/index.php?rest_route=\/wp\/v2\/posts\/1082"}],"collection":[{"href":"https:\/\/connis-kleine-welt.de\/wp\/index.php?rest_route=\/wp\/v2\/posts"}],"about":[{"href":"https:\/\/connis-kleine-welt.de\/wp\/index.php?rest_route=\/wp\/v2\/types\/post"}],"author":[{"embeddable":true,"href":"https:\/\/connis-kleine-welt.de\/wp\/index.php?rest_route=\/wp\/v2\/users\/1"}],"replies":[{"embeddable":true,"href":"https:\/\/connis-kleine-welt.de\/wp\/index.php?rest_route=%2Fwp%2Fv2%2Fcomments&post=1082"}],"version-history":[{"count":0,"href":"https:\/\/connis-kleine-welt.de\/wp\/index.php?rest_route=\/wp\/v2\/posts\/1082\/revisions"}],"wp:attachment":[{"href":"https:\/\/connis-kleine-welt.de\/wp\/index.php?rest_route=%2Fwp%2Fv2%2Fmedia&parent=1082"}],"wp:term":[{"taxonomy":"category","embeddable":true,"href":"https:\/\/connis-kleine-welt.de\/wp\/index.php?rest_route=%2Fwp%2Fv2%2Fcategories&post=1082"},{"taxonomy":"post_tag","embeddable":true,"href":"https:\/\/connis-kleine-welt.de\/wp\/index.php?rest_route=%2Fwp%2Fv2%2Ftags&post=1082"}],"curies":[{"name":"wp","href":"https:\/\/api.w.org\/{rel}","templated":true}]}}