{"id":3018,"date":"2011-03-03T15:19:36","date_gmt":"2011-03-03T14:19:36","guid":{"rendered":"https:\/\/connis-kleine-welt.de\/wp\/?p=3018"},"modified":"2011-03-03T15:28:20","modified_gmt":"2011-03-03T14:28:20","slug":"schlafsack","status":"publish","type":"post","link":"https:\/\/connis-kleine-welt.de\/wp\/?p=3018","title":{"rendered":"Schlafsack"},"content":{"rendered":"<p>Eben kamen meine beiden Schlafs\u00e4cke von The Dream Bag an. Ausgepackt, angesehen, gleich in die Waschmaschine. Sobald der kleinere wieder trocken ist, wird der angezogen.<\/p>\n<p>Ich habe einen k\u00fcrzeren dickeren f\u00fcr jetzt zum Wechsel gekauft und einen l\u00e4ngeren d\u00fcnneren f\u00fcr den Sommer. Mal schauen, wie die sich so anstellen \ud83d\ude09<\/p>\n<div id='gallery-1' class='gallery galleryid-3018 gallery-columns-3 gallery-size-thumbnail'><figure class='gallery-item'>\n\t\t\t<div class='gallery-icon portrait'>\n\t\t\t\t<a href='https:\/\/connis-kleine-welt.de\/wp\/wp-content\/uploads\/2011\/03\/schlafsack-iloveyou.png'><img loading=\"lazy\" decoding=\"async\" width=\"150\" height=\"150\" src=\"https:\/\/connis-kleine-welt.de\/wp\/wp-content\/uploads\/2011\/03\/schlafsack-iloveyou-150x150.png\" class=\"attachment-thumbnail size-thumbnail\" alt=\"\" \/><\/a>\n\t\t\t<\/div><\/figure><figure class='gallery-item'>\n\t\t\t<div class='gallery-icon landscape'>\n\t\t\t\t<a href='https:\/\/connis-kleine-welt.de\/wp\/wp-content\/uploads\/2011\/03\/schlafsack-iloveyou-detail.png'><img loading=\"lazy\" decoding=\"async\" width=\"150\" height=\"150\" src=\"https:\/\/connis-kleine-welt.de\/wp\/wp-content\/uploads\/2011\/03\/schlafsack-iloveyou-detail-150x150.png\" class=\"attachment-thumbnail size-thumbnail\" alt=\"\" \/><\/a>\n\t\t\t<\/div><\/figure><figure class='gallery-item'>\n\t\t\t<div class='gallery-icon portrait'>\n\t\t\t\t<a href='https:\/\/connis-kleine-welt.de\/wp\/wp-content\/uploads\/2011\/03\/schlafsack-farmyardfriends.png'><img loading=\"lazy\" decoding=\"async\" width=\"150\" height=\"150\" src=\"https:\/\/connis-kleine-welt.de\/wp\/wp-content\/uploads\/2011\/03\/schlafsack-farmyardfriends-150x150.png\" class=\"attachment-thumbnail size-thumbnail\" alt=\"\" \/><\/a>\n\t\t\t<\/div><\/figure><figure class='gallery-item'>\n\t\t\t<div class='gallery-icon landscape'>\n\t\t\t\t<a href='https:\/\/connis-kleine-welt.de\/wp\/wp-content\/uploads\/2011\/03\/schlafsack-farmyardfriends-detail1.png'><img loading=\"lazy\" decoding=\"async\" width=\"150\" height=\"150\" src=\"https:\/\/connis-kleine-welt.de\/wp\/wp-content\/uploads\/2011\/03\/schlafsack-farmyardfriends-detail1-150x150.png\" class=\"attachment-thumbnail size-thumbnail\" alt=\"\" \/><\/a>\n\t\t\t<\/div><\/figure><figure class='gallery-item'>\n\t\t\t<div class='gallery-icon landscape'>\n\t\t\t\t<a href='https:\/\/connis-kleine-welt.de\/wp\/wp-content\/uploads\/2011\/03\/schlafsack-farmyardfriends-detail2.png'><img loading=\"lazy\" decoding=\"async\" width=\"150\" height=\"128\" src=\"https:\/\/connis-kleine-welt.de\/wp\/wp-content\/uploads\/2011\/03\/schlafsack-farmyardfriends-detail2-150x128.png\" class=\"attachment-thumbnail size-thumbnail\" alt=\"\" \/><\/a>\n\t\t\t<\/div><\/figure>\n\t\t<\/div>\n\n","protected":false},"excerpt":{"rendered":"<p>Eben kamen meine beiden Schlafs\u00e4cke von The Dream Bag an. Ausgepackt, angesehen, gleich in die Waschmaschine. Sobald der kleinere wieder trocken ist, wird der angezogen. Ich habe einen k\u00fcrzeren dickeren f\u00fcr jetzt zum Wechsel gekauft und einen l\u00e4ngeren d\u00fcnneren f\u00fcr den Sommer. Mal schauen, wie die sich so anstellen \ud83d\ude09<\/p>\n","protected":false},"author":1,"featured_media":0,"comment_status":"open","ping_status":"open","sticky":false,"template":"","format":"standard","meta":{"ngg_post_thumbnail":0,"footnotes":""},"categories":[199,29],"tags":[145,216,217],"_links":{"self":[{"href":"https:\/\/connis-kleine-welt.de\/wp\/index.php?rest_route=\/wp\/v2\/posts\/3018"}],"collection":[{"href":"https:\/\/connis-kleine-welt.de\/wp\/index.php?rest_route=\/wp\/v2\/posts"}],"about":[{"href":"https:\/\/connis-kleine-welt.de\/wp\/index.php?rest_route=\/wp\/v2\/types\/post"}],"author":[{"embeddable":true,"href":"https:\/\/connis-kleine-welt.de\/wp\/index.php?rest_route=\/wp\/v2\/users\/1"}],"replies":[{"embeddable":true,"href":"https:\/\/connis-kleine-welt.de\/wp\/index.php?rest_route=%2Fwp%2Fv2%2Fcomments&post=3018"}],"version-history":[{"count":2,"href":"https:\/\/connis-kleine-welt.de\/wp\/index.php?rest_route=\/wp\/v2\/posts\/3018\/revisions"}],"predecessor-version":[{"id":3025,"href":"https:\/\/connis-kleine-welt.de\/wp\/index.php?rest_route=\/wp\/v2\/posts\/3018\/revisions\/3025"}],"wp:attachment":[{"href":"https:\/\/connis-kleine-welt.de\/wp\/index.php?rest_route=%2Fwp%2Fv2%2Fmedia&parent=3018"}],"wp:term":[{"taxonomy":"category","embeddable":true,"href":"https:\/\/connis-kleine-welt.de\/wp\/index.php?rest_route=%2Fwp%2Fv2%2Fcategories&post=3018"},{"taxonomy":"post_tag","embeddable":true,"href":"https:\/\/connis-kleine-welt.de\/wp\/index.php?rest_route=%2Fwp%2Fv2%2Ftags&post=3018"}],"curies":[{"name":"wp","href":"https:\/\/api.w.org\/{rel}","templated":true}]}}